{"id":3871,"date":"2026-08-21T23:30:48","date_gmt":"2026-08-21T21:30:48","guid":{"rendered":"https:\/\/www2.hu-berlin.de\/sts\/?p=3871"},"modified":"2026-08-21T23:30:48","modified_gmt":"2026-08-21T21:30:48","slug":"workshop-impulses-for-a-public-and-engaged-environmental-anthropology-concepts-perspectives-and-politics","status":"publish","type":"post","link":"https:\/\/www2.hu-berlin.de\/sts\/2026\/08\/workshop-impulses-for-a-public-and-engaged-environmental-anthropology-concepts-perspectives-and-politics\/","title":{"rendered":"Workshop: Impulses for a public and engaged environmental anthropology. Concepts, perspectives, and politics"},"content":{"rendered":"<p class=\"wp-block-paragraph\"><em>Organisation: Desir\u00e9e Hetzel, Emilie K\u00f6hler, Elisabeth Luggauer, Arno Pascht (DGSKA, AG Umwelthnologie) &amp; Milena Bister, Valeska Flor, Oliwia Murawska (DGEKW, Kommission Mensch-Umwelt-Beziehungen)<\/em><\/p>\n<p><strong>8.-9. Oktober 2026, LMU M\u00fcnchen<\/strong><\/p>\n<p class=\"wp-block-paragraph\">* Deutsch siehe unten<\/p>\n<p class=\"wp-block-paragraph\"><a href=\"https:\/\/www2.hu-berlin.de\/sts\/wp-content\/uploads\/2026\/08\/symbolbild.jpeg\"><img loading=\"lazy\" decoding=\"async\" class=\"alignleft size-medium wp-image-3872\" src=\"https:\/\/www2.hu-berlin.de\/sts\/wp-content\/uploads\/2026\/08\/symbolbild-225x300.jpeg\" alt=\"\" width=\"225\" height=\"300\" srcset=\"https:\/\/www2.hu-berlin.de\/sts\/wp-content\/uploads\/2026\/08\/symbolbild-225x300.jpeg 225w, https:\/\/www2.hu-berlin.de\/sts\/wp-content\/uploads\/2026\/08\/symbolbild-768x1024.jpeg 768w, https:\/\/www2.hu-berlin.de\/sts\/wp-content\/uploads\/2026\/08\/symbolbild.jpeg 960w\" sizes=\"auto, (max-width: 225px) 100vw, 225px\" \/><\/a>Despite the increased public focus on extreme weather events, issues such as ecology and nature conservation are, on the one hand, being sidelined in political discourse and, on the other, increasingly co-opted by right-wing parties in Europe for identity-based narratives. At the same time, the fundamental ethnographic research on issues of environments, ecologies, and, increasingly in recent decades, climate and the climate crisis \u2013 which has been conducted since the 1970s \u2013 is often absent from public and political discourse.<\/p>\n<p class=\"wp-block-paragraph\">This workshop addresses these issues. To achieve greater visibility of research on ecological issues in public discourse\u2014drawing on both European Ethnology &amp; Empirical Cultural Analysis and Social and Cultural Anthropology\u2014we believe it is essential to establish cross-disciplinary infrastructures. Together, we wish to engage with existing concepts in a discipline-specific manner, critically examine and further develop them, and explore their relevance in various fields of practice. The aim is to generate impetus for a public, engaged, and impactful environmental anthropology.<\/p>\n<p class=\"wp-block-paragraph\">We are therefore calling for\u00a0<strong>conceptual pitches of approximately five minutes<\/strong>\u2019 duration that concisely introduce widely debated key concepts and reflect on their analytical and political implications, for example, in relation to the presenter\u2019s own research. These pitches will be presented by the authors during the workshop in an opening \u2018lightning\u2019 format, with the aim of sparking joint discussions about their potential for environmental anthropology and its numerous fields of practice. Suggested concepts include: multispecies, more-than-human, entanglement, assemblage, or planetary health. We welcome proposals for additional conceptual approaches relevant to critical environmental anthropology.<\/p>\n<p class=\"wp-block-paragraph\">We welcome submissions (in English) by\u00a0<strong>8 June 2026 (extended!) to\u00a0<\/strong><a href=\"mailto:umweltethnologie@gmail.com\">umweltethno@gmail.com<\/a>\u00a0and\u00a0<a href=\"mailto:milena.bister@hu-berlin.de\">milena.bister@hu-berlin.de<\/a>.<\/p>\n<p class=\"wp-block-paragraph\">The pitch proposal should be approximately 300 words in length, outline the concept in question, highlight its relevance to environmental anthropology and specific research activities, and formulate two questions regarding the concept that can be addressed during the workshop. Feedback on submissions will be provided by the end of May 2026.\u00a0<strong>Participation in the workshop is, of course, also possible without a pitch.<\/strong>\u00a0The Lightning Panel will be held in English; the workshop will be held in German and English.<\/p>\n<p class=\"wp-block-paragraph\">This workshop has been initiated by the Working Group on Environmental Ethnology (of the DGSKA) and the Commission on Human-Environment Relations (of the DGEKW) and is organised in collaboration with the ERC project\u00a0<em>REWILDING the Anthropocene<\/em>\u00a0(University of Cologne), the Institute of Social and Cultural Anthropology at LMU Munich, the Public Science Lab at TU Munich and the Laboratory Anthropology of Environment|Human Relations at HU Berlin.<\/p>\n<p class=\"wp-block-paragraph\">As a public keynote event, the ethnographic film *Beekeeping in the Endtimes* by Larisa Ja\u0161arevi\u0107 and Azra Ja\u0161arevi\u0107 will be screened on the evening of 8 October. We will then discuss with the filmmakers the significance of formats such as film for public environmental anthropology.<\/p>\n<p class=\"wp-block-paragraph\">Workshop registration is open until 1 September 2026 via Eventbrite:\u00a0<a href=\"https:\/\/www.eventbrite.de\/e\/impulse-fur-eine-offentliche-und-engagierte-umweltanthropologie-tickets-1986163348040?aff=oddtdtcreator\">https:\/\/www.eventbrite.de\/e\/impulse-fur-eine-offentliche-und-engagierte-umweltanthropologie-tickets-1986163348040?aff=oddtdtcreator<\/a>.<\/p>\n<p class=\"wp-block-paragraph\"><em>Image: Niklas Schrade c\/o Realfiktion Klimarechnungshof<\/em><\/p>\n<p>***<\/p>\n<div class=\"wp-block-media-text is-stacked-on-mobile\">\n<div class=\"wp-block-media-text__content\">\n<p class=\"wp-block-paragraph\">Themen wie \u00d6kologie und Naturschutz werden trotz des verst\u00e4rkten \u00f6ffentlichen Fokus auf Extremwetterereignisse einerseits aus dem politischen Handeln verdr\u00e4ngt, andererseits von\u00a0rechten Parteien in Europa zunehmend f\u00fcr identit\u00e4re Narrative vereinnahmt. Gleichzeitig sind die grundlegenden ethnographischen Forschungen zu Fragen von Umwelten, \u00d6kologien und, in den letzten Jahrzehnten vermehrt, zu Klima und Klimakrise, die seit den 1970er Jahren durchgef\u00fchrt werden, h\u00e4ufig im \u00f6ffentlichen und politischen Diskurs nicht sichtbar.<\/p>\n<p class=\"wp-block-paragraph\">An dieser Problematik setzt dieser Workshop an. Um eine st\u00e4rkere Sichtbarkeit von Forschungen sowohl aus der Europ\u00e4ischen Ethnologie &amp; Empirischen Kulturwissenschaft als auch der Sozial- und Kulturanthropologie zu \u00f6kologischen Fragen im \u00f6ffentlichen Diskurs zu erreichen, ist es unserer Ansicht nach essenziell, disziplin\u00fcbergreifende Infrastrukturen aufzubauen. Zusammen m\u00f6chten wir uns mit bestehenden Konzepten fachspezifisch auseinandersetzen, diese kritisch beleuchten und weiterentwickeln sowie deren Relevanz in verschiedenen Praxisfeldern ausloten. Ziel ist es, Impulse f\u00fcr eine \u00f6ffentliche, engagierte und wirksame Umweltanthropologie zu entwickeln.<\/p>\n<p class=\"wp-block-paragraph\">Wir rufen daher zu\u00a0<strong>konzeptionellen Pitches von ca. f\u00fcnf Minuten\u00a0<\/strong>auf, die zentrale und breit diskutierte Begriffe pointiert vorstellen und deren analytische wie politische Tragweite beispielsweise mit Bezug auf konkrete Forschungsarbeiten reflektieren. Diese Pitches werden von den Autor*innen w\u00e4hrend des Workshops im er\u00f6ffnenden Lightning-Format pr\u00e4sentiert, um gemeinsame Diskussionen \u00fcber ihr Potenzial f\u00fcr die Umweltanthropologie und ihre zahlreichen Praxisfelder anzusto\u00dfen. Vorschl\u00e4ge f\u00fcr solche Konzepte sind etwa: Multispecies, More-than-human, Entanglement, Assemblage oder Planetary Health. Gerne k\u00f6nnen weitere konzeptionelle Zug\u00e4nge vorgeschlagen werden, die f\u00fcr eine kritische Umweltanthropologie relevant sind.<\/p>\n<\/div>\n<\/div>\n<p class=\"wp-block-paragraph\">Wir freuen uns \u00fcber\u00a0<strong>Einreichungen (auf Englisch) bis zum 08.06.2026 (verl\u00e4ngert!)<\/strong>\u00a0an\u00a0<a href=\"mailto:umweltethnologie@gmail.com\">umweltethno@gmail.com<\/a>\u00a0und\u00a0<a href=\"mailto:milena.bister@hu-berlin.de\">milena.bister@hu-berlin.de<\/a>.<\/p>\n<p class=\"wp-block-paragraph\">Der Vorschlag f\u00fcr einen Pitch sollte etwa 300 W\u00f6rter umfassen, das jeweilige Konzept skizzieren, seine Relevanz f\u00fcr die Umweltanthropologie sowie spezifische Forschungsaktivit\u00e4ten herausarbeiten und zwei Fragen zum Konzept formulieren, die im Workshop bearbeitet werden k\u00f6nnen. Eine R\u00fcckmeldung zur Einreichung erfolgt bis Ende Mai 2026.\u00a0<strong>Eine Teilnahme ist selbstverst\u00e4ndlich auch ohne Pitch m\u00f6glich.\u00a0<\/strong>Das Lightning-Panel wird auf Englisch gehalten; die Workshop-Sprachen sind Deutsch und Englisch.<\/p>\n<p class=\"wp-block-paragraph\">Dieser Workshop ist von der Arbeitsgruppe Umweltethnologie (der DGSKA) und der Kommission f\u00fcr Mensch-Umwelt-Beziehungen (der DGEKW) initiiert und wird gemeinsam mit dem ERC-Projekt\u00a0<em>REWILDING the Anthropocene<\/em>\u00a0(Universit\u00e4t zu K\u00f6ln), dem Institut f\u00fcr Ethnologie der LMU M\u00fcnchen, dem Public Science Lab der TU M\u00fcnchen und dem Labor Anthropology of Environment | Human Relations (HU Berlin) organisiert.<\/p>\n<p class=\"wp-block-paragraph\">Als \u00f6ffentliches Keynote-Format wird am 08.10. abends der ethnografische Film *Beekeeping in the Endtimes* von Larisa Ja\u0161arevi\u0107 und Azra Ja\u0161arevi\u0107 gezeigt. Gemeinsam diskutieren wir anschlie\u00dfend mit den Filmemacherinnen die Bedeutung von Formaten wie z.B. Film f\u00fcr eine \u00f6ffentliche Umweltanthropologie.<\/p>\n<p class=\"wp-block-paragraph\">Die Anmeldung zum Workshop ist bis zum 01. 09. 2026 \u00fcber Eventbrite m\u00f6glich:\u00a0\u00a0<a href=\"https:\/\/www.eventbrite.de\/e\/impulse-fur-eine-offentliche-und-engagierte-umweltanthropologie-tickets-1986163348040?aff=oddtdtcreator\">https:\/\/www.eventbrite.de\/e\/impulse-fur-eine-offentliche-und-engagierte-umweltanthropologie-tickets-1986163348040?aff=oddtdtcreator<\/a>.<\/p>\n<p class=\"wp-block-paragraph\"><em>Image: Niklas Schrade c\/o Realfiktion Klimarechnungshof<\/em><\/p>\n","protected":false},"excerpt":{"rendered":"<p>Organisation: Desir\u00e9e Hetzel, Emilie K\u00f6hler, Elisabeth Luggauer, Arno Pascht (DGSKA, AG Umwelthnologie) &amp; Milena Bister, Valeska Flor, Oliwia Murawska (DGEKW, Kommission Mensch-Umwelt-Beziehungen) 8.-9. Oktober 2026, LMU M\u00fcnchen * Deutsch siehe unten Despite the increased public focus on extreme weather events, issues such as ecology and nature conservation are, on the &hellip;<\/p>\n","protected":false},"author":47,"featured_media":3872,"comment_status":"closed","ping_status":"closed","sticky":false,"template":"","format":"standard","meta":{"footnotes":""},"categories":[2],"tags":[],"class_list":["post-3871","post","type-post","status-publish","format-standard","has-post-thumbnail","hentry","category-news"],"_links":{"self":[{"href":"https:\/\/www2.hu-berlin.de\/sts\/wp-json\/wp\/v2\/posts\/3871","targetHints":{"allow":["GET"]}}],"collection":[{"href":"https:\/\/www2.hu-berlin.de\/sts\/wp-json\/wp\/v2\/posts"}],"about":[{"href":"https:\/\/www2.hu-berlin.de\/sts\/wp-json\/wp\/v2\/types\/post"}],"author":[{"embeddable":true,"href":"https:\/\/www2.hu-berlin.de\/sts\/wp-json\/wp\/v2\/users\/47"}],"replies":[{"embeddable":true,"href":"https:\/\/www2.hu-berlin.de\/sts\/wp-json\/wp\/v2\/comments?post=3871"}],"version-history":[{"count":1,"href":"https:\/\/www2.hu-berlin.de\/sts\/wp-json\/wp\/v2\/posts\/3871\/revisions"}],"predecessor-version":[{"id":3873,"href":"https:\/\/www2.hu-berlin.de\/sts\/wp-json\/wp\/v2\/posts\/3871\/revisions\/3873"}],"wp:featuredmedia":[{"embeddable":true,"href":"https:\/\/www2.hu-berlin.de\/sts\/wp-json\/wp\/v2\/media\/3872"}],"wp:attachment":[{"href":"https:\/\/www2.hu-berlin.de\/sts\/wp-json\/wp\/v2\/media?parent=3871"}],"wp:term":[{"taxonomy":"category","embeddable":true,"href":"https:\/\/www2.hu-berlin.de\/sts\/wp-json\/wp\/v2\/categories?post=3871"},{"taxonomy":"post_tag","embeddable":true,"href":"https:\/\/www2.hu-berlin.de\/sts\/wp-json\/wp\/v2\/tags?post=3871"}],"curies":[{"name":"wp","href":"https:\/\/api.w.org\/{rel}","templated":true}]}}