{"id":3876,"date":"2026-08-28T11:35:06","date_gmt":"2026-08-28T09:35:06","guid":{"rendered":"https:\/\/www2.hu-berlin.de\/sts\/?p=3876"},"modified":"2026-08-28T13:56:02","modified_gmt":"2026-08-28T11:56:02","slug":"update-impulses-for-a-public-and-engaged-environmental-anthropology-concepts-perspectives-and-politics","status":"publish","type":"post","link":"https:\/\/www2.hu-berlin.de\/sts\/2026\/08\/update-impulses-for-a-public-and-engaged-environmental-anthropology-concepts-perspectives-and-politics\/","title":{"rendered":"Program released: Workshop &#8220;Impulses for a public and engaged environmental anthropology. Concepts, perspectives, and politics&#8221;"},"content":{"rendered":"\r\n<p class=\"wp-block-paragraph\"><a href=\"https:\/\/www2.hu-berlin.de\/sts\/wp-content\/uploads\/2026\/08\/film.jpg\"><img loading=\"lazy\" decoding=\"async\" class=\"alignleft size-medium wp-image-3877\" src=\"https:\/\/www2.hu-berlin.de\/sts\/wp-content\/uploads\/2026\/08\/film-212x300.jpg\" alt=\"\" width=\"212\" height=\"300\" srcset=\"https:\/\/www2.hu-berlin.de\/sts\/wp-content\/uploads\/2026\/08\/film-212x300.jpg 212w, https:\/\/www2.hu-berlin.de\/sts\/wp-content\/uploads\/2026\/08\/film-722x1024.jpg 722w, https:\/\/www2.hu-berlin.de\/sts\/wp-content\/uploads\/2026\/08\/film-768x1089.jpg 768w, https:\/\/www2.hu-berlin.de\/sts\/wp-content\/uploads\/2026\/08\/film.jpg 900w\" sizes=\"auto, (max-width: 212px) 100vw, 212px\" \/><\/a>Update: The program for our upcoming workshop \u2018Impulses for a public and engaged environmental anthropology. Concepts, perspectives, and politics&#8217; is ready!<\/p>\r\n<p><a href=\"https:\/\/umweltethnologie.wordpress.com\/wp-content\/uploads\/2026\/08\/workshop_public_env_anthro_programm.pdf\" target=\"_blank\" rel=\"noopener\">You can find it here (PDF)<\/a>.<\/p>\r\n<p>We are really looking forward to fabulous conceptual inputs on subjects like infrastructure, water, and city, and on concepts like \u2018more-than-human urban imaginaries\u2019, \u2018multispecies commons\u2019, \u2018eco grief&#8217;, new wilderness&#8217;, \u2018posthuman\u2019, and many more, two days of intense work on these and other concepts, while developing together formats and techniques for public &amp; engaged environmental anthropology.<\/p>\r\n<p>A special highlight of the workshop is the public screening of the film \u2018Beekeeping in the End Times\u2019, by the visual anthropologists and film makers Larisa Ja\u0161arevi\u0107 and Azra Ja\u0161arevi\u0107 &#8211; together, we will mobilize film as a possible format for public and engaged environmental anthropology!<\/p>\r\n<p>For the complete call please <a href=\"https:\/\/www2.hu-berlin.de\/sts\/2026\/08\/workshop-impulses-for-a-public-and-engaged-environmental-anthropology-concepts-perspectives-and-politics\/\">see here<\/a>!<\/p>\r\n<p>Workshop registration is open until 1 September 2026 <a href=\"https:\/\/www.eventbrite.de\/e\/impulse-fur-eine-offentliche-und-engagierte-umweltanthropologie-tickets-1986163348040?aff=oddtdtcreator\" target=\"_blank\" rel=\"noopener\">via Eventbrite<\/a>.<\/p>\r\n\r\n\r\n\r\n\r\n\r\n\r\n\r\n\r\n\r\n\r\n","protected":false},"excerpt":{"rendered":"<p>Update: The program for our upcoming workshop \u2018Impulses for a public and engaged environmental anthropology. Concepts, perspectives, and politics&#8217; is ready! You can find it here (PDF). We are really looking forward to fabulous conceptual inputs on subjects like infrastructure, water, and city, and on concepts like \u2018more-than-human urban imaginaries\u2019, &hellip;<\/p>\n","protected":false},"author":47,"featured_media":3877,"comment_status":"closed","ping_status":"closed","sticky":false,"template":"","format":"standard","meta":{"footnotes":""},"categories":[1,2],"tags":[],"class_list":["post-3876","post","type-post","status-publish","format-standard","has-post-thumbnail","hentry","category-allgemein","category-news"],"_links":{"self":[{"href":"https:\/\/www2.hu-berlin.de\/sts\/wp-json\/wp\/v2\/posts\/3876","targetHints":{"allow":["GET"]}}],"collection":[{"href":"https:\/\/www2.hu-berlin.de\/sts\/wp-json\/wp\/v2\/posts"}],"about":[{"href":"https:\/\/www2.hu-berlin.de\/sts\/wp-json\/wp\/v2\/types\/post"}],"author":[{"embeddable":true,"href":"https:\/\/www2.hu-berlin.de\/sts\/wp-json\/wp\/v2\/users\/47"}],"replies":[{"embeddable":true,"href":"https:\/\/www2.hu-berlin.de\/sts\/wp-json\/wp\/v2\/comments?post=3876"}],"version-history":[{"count":3,"href":"https:\/\/www2.hu-berlin.de\/sts\/wp-json\/wp\/v2\/posts\/3876\/revisions"}],"predecessor-version":[{"id":3881,"href":"https:\/\/www2.hu-berlin.de\/sts\/wp-json\/wp\/v2\/posts\/3876\/revisions\/3881"}],"wp:featuredmedia":[{"embeddable":true,"href":"https:\/\/www2.hu-berlin.de\/sts\/wp-json\/wp\/v2\/media\/3877"}],"wp:attachment":[{"href":"https:\/\/www2.hu-berlin.de\/sts\/wp-json\/wp\/v2\/media?parent=3876"}],"wp:term":[{"taxonomy":"category","embeddable":true,"href":"https:\/\/www2.hu-berlin.de\/sts\/wp-json\/wp\/v2\/categories?post=3876"},{"taxonomy":"post_tag","embeddable":true,"href":"https:\/\/www2.hu-berlin.de\/sts\/wp-json\/wp\/v2\/tags?post=3876"}],"curies":[{"name":"wp","href":"https:\/\/api.w.org\/{rel}","templated":true}]}}